{"id":421,"date":"2014-11-30T22:54:42","date_gmt":"2014-11-30T22:54:42","guid":{"rendered":"http:\/\/inspirationdesurvie.net\/blog\/?p=421"},"modified":"2015-08-22T21:06:00","modified_gmt":"2015-08-22T21:06:00","slug":"desobeissance-organisee-article-pirate","status":"publish","type":"post","link":"https:\/\/inspirationdesurvie.net\/blog\/desobeissance-organisee-article-pirate\/","title":{"rendered":"D\u00e9sob\u00e9issance organis\u00e9e (Article Pirate)"},"content":{"rendered":"<p style=\"text-align: justify;\">Article r\u00e9dig\u00e9 pour le site du Parti Pirate belge : http:\/\/lepartipirate.be\/desobeissance-organisee<\/p>\n<p style=\"text-align: justify;\">\n<p style=\"text-align: justify;\">Il y a quelques semaines d\u00e9j\u00e0, j&rsquo;ai pris part \u00e0 la manifestation organis\u00e9e par les trois grands syndicats belges socialiste, lib\u00e9ral et chr\u00e9tien. Nous \u00e9tions plus de cent-mille ce jour-l\u00e0 \u00e0 protester contre un gouvernement qui ne nous plait pas, pour plusieurs raisons\u00a0:<\/p>\n<ul>\n<li style=\"text-align: justify;\">une politique d&rsquo;aust\u00e9rit\u00e9 quand on sait que ce genre de mesures ne fonctionne pas, ou alors au d\u00e9triment du bien-\u00eatre de la population\u00a0;<\/li>\n<li style=\"text-align: justify;\">la trahison du MR qui forme une coalition avec la NVA malgr\u00e9 ses promesses de n&rsquo;en rien faire durant les \u00e9lections\u00a0;<\/li>\n<li style=\"text-align: justify;\">une sous-repr\u00e9sentativit\u00e9 de la population francophone dans le gouvernement Michel, le MR ne repr\u00e9sentant qu&rsquo;une petite partie des francophones\u00a0;<\/li>\n<li style=\"text-align: justify;\">un sentiment d&rsquo;injustice profond quand, pour combler les trous du budget, on pr\u00e9f\u00e8re s&rsquo;attaquer aux faibles revenus tout en faisant des cadeaux aux grosses entreprises.<\/li>\n<\/ul>\n<p style=\"text-align: justify;\">Et ce ne sont l\u00e0 que les raisons les plus \u00e9videntes. On trouvait aussi dans cette manifestation des gens qui ne croyaient plus \u00e0 l&rsquo;alternance politique (si tant est qu&rsquo;elle a jamais exist\u00e9 en Belgique), en la d\u00e9mocratie, en la repr\u00e9sentation citoyenne par les \u00e9lus, etc. et qui manifestaient leur d\u00e9sarroi.<\/p>\n<p style=\"text-align: justify;\"><!--more--><\/p>\n<h1 align=\"JUSTIFY\">Question de l\u00e9gitimit\u00e9<\/h1>\n<p style=\"text-align: justify;\">Les m\u00e9dias ont surtout retenu les quelques centaines de personnes ayant commis des violences contre des biens priv\u00e9s et contre le personnel de la police. Moi, je pr\u00e9f\u00e8re me souvenir d&rsquo;une foule ininterrompue de personnes venus d&rsquo;horizons politiques diff\u00e9rents pour dire qu&rsquo;ils ne se reconnaissaient pas dans ce gouvernement et que les solutions envisag\u00e9es par celui-ci leur posaient probl\u00e8me.<br \/>\nLa r\u00e9ponse du gouvernement, jusqu&rsquo;\u00e0 pr\u00e9sent, a \u00e9t\u00e9 le d\u00e9ni et le m\u00e9pris. De toute \u00e9vidence, il ne reconna\u00eet pas de l\u00e9gitimit\u00e9 aux manifestants. Apr\u00e8s tout, ceux-ci ne repr\u00e9sentent qu&rsquo;une minorit\u00e9 infime de la population. Pourtant, le principe fondateur de la d\u00e9mocratie est la protection des minorit\u00e9s par la majorit\u00e9. Rejeter un argument simplement parce qu&rsquo;il est formul\u00e9 par une minorit\u00e9, c&rsquo;est non seulement axiomatique, mais aussi stupide.<br \/>\nCe que je reproche \u00e0 ce gouvernement (mais pas qu&rsquo;\u00e0 lui\u00a0: les pr\u00e9c\u00e9dents sont coupables du m\u00eame crime), et aux hommes politiques en g\u00e9n\u00e9ral, c&rsquo;est de nous proposer des dirigeants qui, de plus en plus souvent, sont d\u00e9connect\u00e9s de la r\u00e9alit\u00e9 qu&rsquo;ils sont sens\u00e9s g\u00e9rer au quotidien.<br \/>\nJe sais bien que ces hommes et ces femmes s&rsquo;entourent de tout un cabinet sp\u00e9cialis\u00e9, mais s\u00e9rieusement\u00a0: en charge de l&rsquo;\u00e9ducation, pour la communaut\u00e9 francophone, nous avons une ministre avocate de m\u00e9tier (Jo\u00eblle Milquet), et avant elle, en dix ans, nous avons eu une politicienne (Marie-Martine Schyns), une autre avocate (Marie-Dominique Simonet), un professeur (Christian Dupont, de 2008 \u00e0 2009), une \u00e9conomiste (Marie Arena) et un autre politicien (Jean-Marc Nollet). Quelle est la l\u00e9gitimit\u00e9 de ces hommes et femmes dans ce domaine, si ce n&rsquo;est d&rsquo;\u00eatre bien plac\u00e9s dans leur parti\u00a0?<\/p>\n<h1 style=\"text-align: justify;\">R\u00e9sistance<\/h1>\n<p style=\"text-align: justify;\">Quels que soient les torts de ce gouvernement, est-ce que la confrontation directe repr\u00e9sente le meilleur moyen de dialoguer\u00a0? Il semble que non. En instaurant un contexte de force et de violence, on pose des bases instables pour construire un d\u00e9bat sain. Le probl\u00e8me est que sans faire montre d&rsquo;un peu de violence, les voix de ceux qui veulent se faire entendre ne sont pas \u00e9cout\u00e9es. Que faire, d\u00e8s lors\u00a0? Nous n&rsquo;avons pas droit \u00e0 la violence (et ne voulons pas l&rsquo;utiliser), mais elle permettrait de donner de la visibilit\u00e9 \u00e0 notre discours.<br \/>\nRetenus par cette logique, bon nombre d&rsquo;entre nous choisissent la seule solution possible\u00a0: la r\u00e9sistance, qu&rsquo;elle soit active ou passive. On observe un peu partout dans le monde des mouvements qui vont \u00e0 l&rsquo;encontre de ces r\u00e9gimes qui m\u00e9prisent ou craignent leur population. De plus en plus de personnes r\u00e9fl\u00e9chissent au syst\u00e8me en place et tentent de trouver des solutions in\u00e9dites. Ces solutions passent par la d\u00e9croissance, par la simplicit\u00e9 volontaire, par le libertarianisme, par la mise en place d&rsquo;un revenu de base universel, par la refonte des outils d\u00e9mocratiques, etc. Et ces id\u00e9es voyagent. Des gens les exp\u00e9rimentent, les m\u00e9langent, toujours en gardant \u00e0 l&rsquo;esprit de trouver d&rsquo;autres solutions aux probl\u00e8mes pos\u00e9s en restant fid\u00e8les aux valeurs qui leur tiennent \u00e0 c\u0153ur.<br \/>\nMais tout le monde n&rsquo;est pas activiste. Beaucoup de ces gens qui passent l&rsquo;information, qui font bouger les choses \u00e0 leur mani\u00e8re sont plut\u00f4t des passivistes\u00a0: ils ne militent pas de fa\u00e7on active. Dans tous les cas, ce sont des gens qui cherchent \u00e0 sortir des sentiers battus, pour porter un regard diff\u00e9rent sur le monde.<\/p>\n<h1>\u00a0Le Parti Pirate, un <em>slow party<\/em><\/h1>\n<p style=\"text-align: justify;\">C&rsquo;est ce que font \u00e9galement les Pirates. Avant d&rsquo;\u00eatre une organisation politique, c&rsquo;est une association de citoyens qui remettent en cause certains dogmes politiques, \u00e9tant arriv\u00e9 \u00e0 la conclusion que les solutions tir\u00e9es de ces dogmes ne r\u00e9pondent plus correctement aux probl\u00e8mes de la soci\u00e9t\u00e9 actuelle.<br \/>\nLe Parti Pirate n&rsquo;est pas un parti. C&rsquo;est un laboratoire politique o\u00f9 l&rsquo;on peut tout essayer, o\u00f9 l&rsquo;on a le droit de faire des erreurs, o\u00f9 l&rsquo;on se remet en cause. Parfois, on r\u00e9invente l&rsquo;eau chaude, parfois on fait des petites d\u00e9couvertes r\u00e9volutionnaires sans s&rsquo;en rendre compte. C&rsquo;est \u00e9galement un mouvement pragmatique qui essaie de ne pas mettre en \u0153uvre des solutions g\u00e9n\u00e9rales \u00e0 des probl\u00e8mes particuliers. Presque un <em>slow party<\/em>, \u00e0 ranger dans la cat\u00e9gorie de la <em>slow food<\/em> et du <em>slow media<\/em>.<br \/>\nS&rsquo;il y a bien une chose que les Pirates reprennent de l&rsquo;informatique, au final, c&rsquo;est le principe du partage de l&rsquo;information\u00a0: nous sommes juste des gens qui cherchent \u00e0 informer le plus de personnes possibles au sujet de ces solutions que nous pensons \u00eatre int\u00e9ressantes, ou qui ont au moins le m\u00e9rite de proposer un mod\u00e8le alternatif. Nous voulons croire qu&rsquo;il est possible de changer le cours des choses comme cela, en diffusant l&rsquo;information.<br \/>\nEt en nous rassemblant sous une m\u00eame banni\u00e8re, celle d&rsquo;un parti, nous pouvons mieux faire entendre nos voix, et, de cette fa\u00e7on, toucher plus de monde. Un premier pas vers la libert\u00e9.<\/p>\n<p class=\"wp-flattr-button\"><a class=\"FlattrButton\" style=\"display:none;\" href=\"https:\/\/inspirationdesurvie.net\/blog\/desobeissance-organisee-article-pirate\/\" title=\" D\u00e9sob\u00e9issance organis\u00e9e (Article Pirate)\" rev=\"flattr;uid:Alexis_Ids;language:fr_FR;category:text;tags:Activisme,Information,Partage,Pirates,Politique,blog;popout:0;button:compact;\">Article r\u00e9dig\u00e9 pour le site du Parti Pirate belge : http:\/\/lepartipirate.be\/desobeissance-organisee Il y a quelques semaines d\u00e9j\u00e0, j&rsquo;ai pris part \u00e0 la manifestation organis\u00e9e par les trois grands syndicats belges...<\/a><\/p>","protected":false},"excerpt":{"rendered":"<p>Article r\u00e9dig\u00e9 pour le site du Parti Pirate belge : http:\/\/lepartipirate.be\/desobeissance-organisee Il y a quelques semaines d\u00e9j\u00e0, j&rsquo;ai pris part \u00e0 la manifestation organis\u00e9e par les trois grands syndicats belges socialiste, lib\u00e9ral et chr\u00e9tien. Nous \u00e9tions plus de cent-mille ce jour-l\u00e0 \u00e0 protester contre un gouvernement qui ne nous plait pas, pour plusieurs raisons\u00a0: une [&hellip;]<\/p>\n","protected":false},"author":1,"featured_media":0,"comment_status":"open","ping_status":"open","sticky":false,"template":"","format":"standard","meta":{"jetpack_post_was_ever_published":false,"_jetpack_newsletter_access":"","_jetpack_dont_email_post_to_subs":false,"_jetpack_newsletter_tier_id":0,"_jetpack_memberships_contains_paywalled_content":false,"_jetpack_memberships_contains_paid_content":false,"footnotes":"","jetpack_publicize_message":"","jetpack_publicize_feature_enabled":true,"jetpack_social_post_already_shared":true,"jetpack_social_options":{"image_generator_settings":{"template":"highway","enabled":false},"version":2}},"categories":[220],"tags":[194,158,193,105,106],"class_list":["post-421","post","type-post","status-publish","format-standard","hentry","category-politique","tag-activisme","tag-information","tag-partage","tag-pirates","tag-politique"],"jetpack_publicize_connections":[],"jetpack_featured_media_url":"","jetpack_shortlink":"https:\/\/wp.me\/p4m3os-6N","jetpack_sharing_enabled":true,"_links":{"self":[{"href":"https:\/\/inspirationdesurvie.net\/blog\/wp-json\/wp\/v2\/posts\/421","targetHints":{"allow":["GET"]}}],"collection":[{"href":"https:\/\/inspirationdesurvie.net\/blog\/wp-json\/wp\/v2\/posts"}],"about":[{"href":"https:\/\/inspirationdesurvie.net\/blog\/wp-json\/wp\/v2\/types\/post"}],"author":[{"embeddable":true,"href":"https:\/\/inspirationdesurvie.net\/blog\/wp-json\/wp\/v2\/users\/1"}],"replies":[{"embeddable":true,"href":"https:\/\/inspirationdesurvie.net\/blog\/wp-json\/wp\/v2\/comments?post=421"}],"version-history":[{"count":5,"href":"https:\/\/inspirationdesurvie.net\/blog\/wp-json\/wp\/v2\/posts\/421\/revisions"}],"predecessor-version":[{"id":490,"href":"https:\/\/inspirationdesurvie.net\/blog\/wp-json\/wp\/v2\/posts\/421\/revisions\/490"}],"wp:attachment":[{"href":"https:\/\/inspirationdesurvie.net\/blog\/wp-json\/wp\/v2\/media?parent=421"}],"wp:term":[{"taxonomy":"category","embeddable":true,"href":"https:\/\/inspirationdesurvie.net\/blog\/wp-json\/wp\/v2\/categories?post=421"},{"taxonomy":"post_tag","embeddable":true,"href":"https:\/\/inspirationdesurvie.net\/blog\/wp-json\/wp\/v2\/tags?post=421"}],"curies":[{"name":"wp","href":"https:\/\/api.w.org\/{rel}","templated":true}]}}